{"id":24925,"date":"2023-10-26T09:59:56","date_gmt":"2023-10-26T12:59:56","guid":{"rendered":"https:\/\/tanisesabino.com.br\/vereadora\/?p=24925"},"modified":"2024-12-31T15:07:11","modified_gmt":"2024-12-31T18:07:11","slug":"porto-alegre-vive-a-i-semana-cultural-gospel","status":"publish","type":"post","link":"https:\/\/tanisesabino.com.br\/vereadora\/porto-alegre-vive-a-i-semana-cultural-gospel\/","title":{"rendered":"Porto Alegre vive a I Semana Cultural Gospel"},"content":{"rendered":"<p>O dia 19 de outubro deu in\u00edcio a I Semana Cultural Gospel de Porto Alegre, de acordo com a Lei 13.521\/2023, de autoria da Vereadora Psic\u00f3loga Tanise Sabino, aprovada por unanimidade nas comiss\u00f5es e sancionada pelo Prefeito Sebasti\u00e3o Melo em 26 de julho deste ano.<\/p>\n<p>A programa\u00e7\u00e3o iniciou com uma solenidade na C\u00e2mara de Vereadores, reunindo l\u00edderes religiosos, com destaque para o Pastor Presidente da Conven\u00e7\u00e3o Nacional de Igrejas Independentes do Brasil (CONIIB), o Pastor Osvaldo de Oliveira, de quem partiu a demanda de formular esta lei e encaminhou \u00e0 vereadora Tanise, que prontamente atendeu ao pedido e protocolou na C\u00e2mara. Tamb\u00e9m marcaram presen\u00e7a o Segundo Vice Presidente do CONIIB, Pastor Eliseu Meneghetti; o Pastor Edmilson Freire, da Casa Church; o Pastor Milton de Jesus, da Igreja Manancial; o Pastor Rodrigo Tavares, da Manancial de Vida; o Deputado Estadual Sabino, representando a Assembleia Legislativa do Rio Grande do Sul e o vereador Tiago Albrecht, que preside a Frente Parlamentar em Defesa da Liberdade Religiosa e Estado Laico.<\/p>\n<p>Para marcar a abertura a Vereadora Psic\u00f3loga Tanise Sabino proferiu uma palestra sobre a sa\u00fade mental das lideran\u00e7as, pois \u00e9 fundamental responder com atitude a cl\u00e1ssica pergunta: \u201cquem cuida do cuidador\u201d. No turno da tarde, neste mesmo dia, foi realizada uma palestra na C\u00e2mara de Vereadores sobre o Outubro Rosa, intitulada um \u201cUm olhar biopsicossocial e espiritual da vida\u201d que contou com v\u00e1rios especialistas sobre o tema.<\/p>\n<p>Nos dias 24 e 25 de outubro, foi montada uma estrutura de tendas da Riart no Largo Gl\u00eanio Peres, entre o Mercado P\u00fablico e o Chal\u00e9 da Pra\u00e7a XV, bem no cora\u00e7\u00e3o de Porto Alegre, com palco para apresenta\u00e7\u00f5es art\u00edsticas, testemunhos, evangeliza\u00e7\u00e3o e tamb\u00e9m um est\u00fadio para a realiza\u00e7\u00e3o de podcasts. Para estes dois dias, preparou-se uma programa\u00e7\u00e3o diversa e inclusiva, de forma a expressar toda a riqueza da cultura gospel. No palco, as mais variadas express\u00f5es art\u00edsticas, sempre louvando a Deus: dan\u00e7a, teatro, rap, samba, pagode, rock e muito mais.<br \/>\nNo encerramento do dia (24) de atividades, a Tenda da Semana Cultural Gospel recebeu o Prefeito Sebasti\u00e3o Melo que expressou na ocasi\u00e3o a import\u00e2ncia da iniciativa parabenizou a realiza\u00e7\u00e3o do evento: \u201cpenso que as igrejas t\u00eam dois pap\u00e9is fundamentais que s\u00e3o a ora\u00e7\u00e3o e tamb\u00e9m a a\u00e7\u00e3o. Como prefeito tenho a no\u00e7\u00e3o da relev\u00e2ncia e dimens\u00e3o do acolhimento que as igrejas fazem. As igrejas fazem muito pela cidade e eu sou grato por este trabalho\u201d.<\/p>\n<p>No encerramento do dia (25), a Semana Cultura Gospel, contou com a banda Recupera Samba. Uma banta formada por dependentes qu\u00edmicos em recupera\u00e7\u00e3o, que adoram o samba e adoram Jesus, o que resultou no nome Recupera Samba.<\/p>\n<p>Ao finalizar a I Semana Cultural Gospel de 2023, Tanise Sabino expressou sua satisfa\u00e7\u00e3o com a realiza\u00e7\u00e3o do evento: \u201ctenho certeza que impactamos de forma positiva a vida das pessoas com a realiza\u00e7\u00e3o deste evento. Me sinto realizada em poder assegurar espa\u00e7o e visibilidade para a express\u00e3o gospel\u201d.<\/p>\n","protected":false},"excerpt":{"rendered":"<p>O dia 19 de outubro deu in\u00edcio a I Semana Cultural Gospel de Porto Alegre, de acordo com a Lei 13.521\/2023, de autoria da Vereadora Psic\u00f3loga Tanise Sabino, aprovada por<\/p>\n","protected":false},"author":1,"featured_media":24926,"comment_status":"closed","ping_status":"open","sticky":false,"template":"","format":"standard","meta":{"footnotes":""},"categories":[1],"tags":[],"class_list":["post-24925","post","type-post","status-publish","format-standard","has-post-thumbnail","hentry","category-noticias"],"_links":{"self":[{"href":"https:\/\/tanisesabino.com.br\/vereadora\/wp-json\/wp\/v2\/posts\/24925","targetHints":{"allow":["GET"]}}],"collection":[{"href":"https:\/\/tanisesabino.com.br\/vereadora\/wp-json\/wp\/v2\/posts"}],"about":[{"href":"https:\/\/tanisesabino.com.br\/vereadora\/wp-json\/wp\/v2\/types\/post"}],"author":[{"embeddable":true,"href":"https:\/\/tanisesabino.com.br\/vereadora\/wp-json\/wp\/v2\/users\/1"}],"replies":[{"embeddable":true,"href":"https:\/\/tanisesabino.com.br\/vereadora\/wp-json\/wp\/v2\/comments?post=24925"}],"version-history":[{"count":1,"href":"https:\/\/tanisesabino.com.br\/vereadora\/wp-json\/wp\/v2\/posts\/24925\/revisions"}],"predecessor-version":[{"id":24927,"href":"https:\/\/tanisesabino.com.br\/vereadora\/wp-json\/wp\/v2\/posts\/24925\/revisions\/24927"}],"wp:featuredmedia":[{"embeddable":true,"href":"https:\/\/tanisesabino.com.br\/vereadora\/wp-json\/wp\/v2\/media\/24926"}],"wp:attachment":[{"href":"https:\/\/tanisesabino.com.br\/vereadora\/wp-json\/wp\/v2\/media?parent=24925"}],"wp:term":[{"taxonomy":"category","embeddable":true,"href":"https:\/\/tanisesabino.com.br\/vereadora\/wp-json\/wp\/v2\/categories?post=24925"},{"taxonomy":"post_tag","embeddable":true,"href":"https:\/\/tanisesabino.com.br\/vereadora\/wp-json\/wp\/v2\/tags?post=24925"}],"curies":[{"name":"wp","href":"https:\/\/api.w.org\/{rel}","templated":true}]}}