{"id":26101,"date":"2024-11-14T18:44:00","date_gmt":"2024-11-14T21:44:00","guid":{"rendered":"https:\/\/tanisesabino.com.br\/vereadora\/?p=26101"},"modified":"2024-12-16T18:54:04","modified_gmt":"2024-12-16T21:54:04","slug":"tanise-sabino-visita-us-ponto-grossa-e-faz-uma-avaliacao-das-emultis-na-pratica","status":"publish","type":"post","link":"https:\/\/tanisesabino.com.br\/vereadora\/tanise-sabino-visita-us-ponto-grossa-e-faz-uma-avaliacao-das-emultis-na-pratica\/","title":{"rendered":"Tanise Sabino visita US Ponta Grossa e faz uma avalia\u00e7\u00e3o das eMultis na pr\u00e1tica"},"content":{"rendered":"\r\n<p class=\"s3\">Na tarde do dia 14 de novembro a Vereadora Psic\u00f3loga Tanise Sabino esteve visitando a Unidade de Sa\u00fade Ponta Grossa na companhia do Secret\u00e1rio Municipal de Sa\u00fade de Porto Alegre,\u00a0Fernando Ritter; da Coordenador de Sa\u00fade Mental,\u00a0Marta Fadrique; e da Diretora Adjunta da Dire\u00e7\u00e3o de Aten\u00e7\u00e3o Prim\u00e1ria,\u00a0Eveline Rodrigues. A inten\u00e7\u00e3o da visita foi conferir o funcionamento das\u00a0eMultis, que iniciaram atrav\u00e9s de uma Parceria P\u00fablico Privada (PPP) em meados de setembro, assegurando a presen\u00e7a de psic\u00f3logos e psiquiatras \u2013 dentre outros profissionais \u2013 nas unidades de sa\u00fade. Atualmente, 43% das unidades de sa\u00fade j\u00e1 est\u00e3o sendo atendidas por estes profissionais, mas a ideia \u00e9\u00a0elas sejam ampliadas gradativamente at\u00e9 que 100% da popula\u00e7\u00e3o possa ser atendida.\u00a0<\/p>\r\n\r\n\r\n\r\n<p class=\"s3\">A parlamentar conta que logo ap\u00f3s ter conseguido a regulamenta\u00e7\u00e3o da Lei 13.935\/2019, que prev\u00ea a inser\u00e7\u00e3o de psic\u00f3logos as escolas, ela passou a pleitear que estes profissionais estivessem tamb\u00e9m nas unidades de sa\u00fade: \u201cAtualmente o tempo de espera para uma consulta com um psic\u00f3logo, chega a ser de mais de um ano. Isto \u00e9 inconceb\u00edvel: imagine se algu\u00e9m chega\u00a0com uma crise de p\u00e2nico, n\u00e3o tem como esperar, o problema s\u00f3 aumenta. Por isso \u00e9 t\u00e3o importante ter profissionais da sa\u00fade mental nas unidades de sa\u00fade, pois\u00a0\u00e9\u00a0uma forma tamb\u00e9m de trabalhar preven\u00e7\u00e3o e evitar que problemas se agravem. Por isso,\u00a0estou batalhando tamb\u00e9m pela\u00a0presen\u00e7a de psic\u00f3logos nas unidades de sa\u00fade.\u00a0A chegada das eMultis, como 1.000 horas de profissionais da sa\u00fade mental\u00a0\u00e9 a primeira grande vit\u00f3ria\u201d,\u00a0destaca Tanise.<\/p>\r\n\r\n\r\n\r\n<p class=\"s3\">Tal como faz com o Programa Incluir Mais Poa (que assegurou 27 psic\u00f3logos para as escolas p\u00fablicas da rede b\u00e1sica de educa\u00e7\u00e3o), Tanise fez quest\u00e3o de acompanhar de perto como est\u00e1 a pr\u00e1tica e quais s\u00e3o os desafios e percep\u00e7\u00f5es tanto dos profissionais quanto da comunidade.\u00a0<\/p>\r\n\r\n\r\n\r\n<p class=\"s3\">Eveline Rodrigues\u00a0destacou que\u00a0no\u00a0Rio\u00a0Grande do Sul j\u00e1 existem\u00a0274 eMultis\u00a0em 214 munic\u00edpios\u00a0(mesmo que o estado tenha\u00a0497 munic\u00edpios)\u00a0e\u00a0destas,\u00a010\u00a0est\u00e3o em Porto Alegre.\u00a0Ela tamb\u00e9m explicou que a cada equipe atende mais de uma unidade de sa\u00fade, assim, a parcela da popula\u00e7\u00e3o beneficiada \u00e9 maior.\u00a0<\/p>\r\n\r\n\r\n\r\n<p class=\"s3\">O Secret\u00e1rio Ritter destacou, entre os muitos benef\u00edcios das eMultis, o ganho\u00a0de qualidade de vida e atendimento para os usu\u00e1rios: \u201cO servi\u00e7o de fisioterapia, por exemplo: o usu\u00e1rio as vezes gasta mais tempo no deslocamento do que no atendimento.\u00a0Os usu\u00e1rios aqui bo bairro Ponta Grossa, levam 1 hora e meia de deslocamento de \u00f4nibus\u00a0at\u00e9 o centro, fazem 30 min de fisioterapia e retornam mais 1 hora e meia de \u00f4nibus.\u00a0Isso agora mudacom o profissional de fisioterapia dentro da unidade de sa\u00fade. Al\u00e9m disso, ser\u00e1 poss\u00edvel ter discuss\u00f5es de caso e um acompanhamento multidisciplinar e integral de cada caso. Melhor que isso, s\u00f3 as policl\u00ednicas,\u00a0que j\u00e1 foram aprovadas e devem estar funcionando em 2027\u201d,\u00a0exemplificou.\u00a0Ritter tamb\u00e9m explicou o funcionamento das eMultis: O foco principal \u00e9 atividades grupo, matriciamento, consultas individuais. Todos os novos profissionais tamb\u00e9m est\u00e3o fazendo uma revis\u00e3o dos pacientes que constam no Sistema de Gerenciamento de Consultas (GERCON) que j\u00e1 foram encaminhados antes da chegada deles. \u00a0Eles revisam, eles olham, chamam o paciente, conversam, ou come\u00e7am o tratamento aqui ou eles refor\u00e7am que ele tem que ser encaminhado para um servi\u00e7o especializado.\u00a0<\/p>\r\n\r\n\r\n\r\n<p class=\"s3\">Ali\u00e1s, na roda de conversa com os profissionais \u00e9un\u00e2nime a satisfa\u00e7\u00e3o e o retorno positivo do novo modelo: eles relatam que a multidisciplinaridade \u00e9 um diferencial do trabalho que torna o atendimento muito mais efetivo. A equipe \u00e9 grande e\u00a0assim\u00a0\u00e9 poss\u00edvel, em cada caso, trazer os profissionais e as especialidades envolvidas, avaliar e discutir cada caso. Isso \u00e9 algo que se reverte para usu\u00e1rio de uma forma \u00edmpar.<\/p>\r\n\r\n\r\n\r\n<p class=\"s3\">Uma\u00a0das\u00a0agentes\u00a0comunit\u00e1ria\u00a0de Sa\u00fade, a Maria Eronita Paix\u00e3o,\u00a0que j\u00e1 atuava na US\u00a0Ponta Grossa, confessou a Vereadora que a chegada das EMultis \u00e9 a realiza\u00e7\u00e3o de um sonho: \u201cSempre ped\u00edamos por isso\u00a0na pr\u00e9-confer\u00eancia do idoso.\u00a0Era\u00a0o meu sonho,\u00a0ter profissionais para nos apoiar aqui na comunidade\u201d.\u00a0<\/p>\r\n\r\n\r\n\r\n<p class=\"s3\">\u201cAgora \u00e9 poss\u00edvel pensar em\u00a0a\u00e7\u00f5es\u00a0macro.\u00a0E isso tem sido muito\u00a0legal\u00a0para toda a equipe: a\u00a0parceria dos colegas com a habilidade que eles t\u00eam em desenvolvimento de algumas a\u00e7\u00f5es preventivas. E a gente tamb\u00e9m tem tentado,\u00a0ir at\u00e9 as comunidades.\u00a0O Beco do Buda \u00e9\u00a0um exemplo, \u00e9 uma comunidade isolada e distante do Chap\u00e9u do Sol. Agora, temos condi\u00e7\u00f5es de ir at\u00e9 eles e neste pouco tempo a equipe j\u00e1\u00a0est\u00e1\u00a0super\u00a0integrada.\u00a0Isso potencializa\u00a0muito a a\u00e7\u00e3o dos\u00a0Agentes Comunit\u00e1rios\u00a0de Sa\u00fade\u201d,\u00a0destacou a Coordenadora da Unidade de Sa\u00fade Ponta\u00a0Grossa,\u00a0Fernanda Vidart Klafke.<\/p>\r\n\r\n\r\n\r\n<p class=\"s3\">A\u00a0Assistente Social, Janine declara empolgada: \u201cA equipe\u00a0eMulti\u00a0para mim, \u00e9 essencial. Por qu\u00ea? Porque toda vez que eu vou atender um paciente, eu n\u00e3o atendo somente um paciente.\u00a0E nas discuss\u00f5es de caso com a equipe\u00a0eu acabo vendo todo o contexto social deste\u00a0e o contexto de vida dele\u00a0e assim \u00e9 mais f\u00e1cil apoiar\u201d.\u00a0<\/p>\r\n\r\n\r\n\r\n<p class=\"s3\">Agradecendo a disposi\u00e7\u00e3o da equipe de compartilhar as viv\u00eancias e percep\u00e7\u00f5es dos primeiros\u00a0dois\u00a0meses da implanta\u00e7\u00e3o, Tanise Sabino afirmou: \u201cTudo que estou ouvindo aqui\u00a0\u00e9 muito bom. Principalmente a oportunidade de promover tamb\u00e9m a sa\u00fade mental\u00a0na aten\u00e7\u00e3o prim\u00e1ria.Tenho a convic\u00e7\u00e3o que todo investimento em aten\u00e7\u00e3o prim\u00e1ria reduz muito as sequelas e interna\u00e7\u00f5es mais caras em hospitais de alta complexidade.\u00a0N\u00e3o adianta\u00a0s\u00f3\u00a0aumentar\u00a0leitos. \u00a0Nossa prioridade deve ser\u00a0aumentar\u00a0e fortalecer\u00a0o trabalho na base, pr\u00f3ximo\u00a0\u00e0 casa das pessoas\u201d.<\/p>\r\n\r\n\r\n\r\n<p class=\"s3\">Karen, a psic\u00f3loga da Emulti do Estremo Sul \u00e9 s\u00f3 elogios sobre os dois meses de trabalho dos novos profissionais que como ela chegaram, integrados com os que j\u00e1 atendiam a regi\u00e3o:\u00a0\u201cN\u00f3s chegamos h\u00e1 pouco tempo, h\u00e1 dois meses, a gente j\u00e1 sente uma aceita\u00e7\u00e3o muito grande, tanto da comunidade dos usu\u00e1rios, quanto da pr\u00f3pria equipe.\u00a0Dentro de todas as demandas de sa\u00fade mental que se apresentam, a gente percebe que a equipe \u00e9 muito aberta, nos contatando muito, a gente consegue fazer grupos, a\u00e7\u00f5es coletivas, matriciamento \u00e9 algo que est\u00e1 acontecendo muito e que est\u00e1 tendo bastante efetividade. A gente j\u00e1 est\u00e1 conseguindo perceber e fazer uma revis\u00e3o das listas do GERCOM,\u00a0e,\u00a0na real necessidade dessas demandas, trazer pacientes.\u201d<\/p>\r\n\r\n\r\n\r\n<p class=\"s3\">Para o Educador F\u00edsico Guilherme Gon\u00e7alves, novo integrante da eMulti, o trabalho est\u00e1 sendo gratificante at\u00e9 porque est\u00e1 conseguindo colocar abaixo velhos mitos que para cuidar da sa\u00fade \u00e9 necess\u00e1rio apenas tomar rem\u00e9dio qu\u00edmico: \u201cEu trabalhei muito em academia depois da minha forma\u00e7\u00e3o, mas antes eu trabalhei em parques esportivos dentro de Porto Alegre, trabalhando com idosos.\u00a0E agora,\u00a0trabalhando dentro da sa\u00fade,\u00a0est\u00e1 sendo recompensante\u00a0virar uma refer\u00eancia dentro da comunidade como educador f\u00edsico e passando a import\u00e2ncia da atividade f\u00edsica dentro da comunidade\u00a0que n\u00e3o tinha essa cultura\u00a0\u201c.\u00a0<\/p>\r\n\r\n\r\n\r\n<p class=\"s3\">Juliana\u00a0Vatimo Argiles,\u00a0fisioterapeuta\u00a0que iniciou na eMuli destaca que a lista do GERCON\u00a0foi revisada e foi poss\u00edvel observar\u00a0que \u201cpopula\u00e7\u00e3o aqui tinha muitas dores cr\u00f4nicas na coluna cervical.\u00a0Assim,\u00a0o educador f\u00edsico e a gerente,\u00a0montamos\u00a0um grupo, chamado dor cr\u00f4nica, que acontece \u00e0s quintas-feiras, a uma hora da tarde, e ali a gente trabalha com refor\u00e7o muscular, alongamento, se tem alguma dor, a gente orienta, se bota calor, se bota gelo, e vai respondendo os questionamentos dos pacientes. O retorno da comunidade tem sido maravilhoso!\u201d.<\/p>\r\n\r\n\r\n\r\n<p class=\"s3\">As eMultis, al\u00e9m de psic\u00f3logos e psiquiatras, contam tamb\u00e9m com nutricionistas, fisioterapeutas, assistentes sociais, educadores f\u00edsicos e fonoaudi\u00f3logos,\u00a0totalizando mais 1.400 horas semanais\u00a0e atuar\u00e3o em 30 das 134 unidades de sa\u00fade existentes em Porto Alegre, abrangendo 48% dos postos de sa\u00fade da cidade. A PPP foi assinada com quatro diferentes institui\u00e7\u00f5es: Divina Provid\u00eancia, IB Sa\u00fade, Santa Casa e Associa\u00e7\u00e3o Hospitalar Vila Nova.<\/p>\r\n\r\n\r\n\r\n<p class=\"s3\">\u00a0<\/p>\r\n","protected":false},"excerpt":{"rendered":"<p>Na tarde do dia 14 de novembro a Vereadora Psic\u00f3loga Tanise Sabino esteve visitando a Unidade de Sa\u00fade Ponta Grossa na companhia do Secret\u00e1rio Municipal de Sa\u00fade de Porto Alegre,\u00a0Fernando<\/p>\n","protected":false},"author":4,"featured_media":26103,"comment_status":"closed","ping_status":"open","sticky":false,"template":"","format":"standard","meta":{"footnotes":""},"categories":[75,1],"tags":[34,102],"class_list":["post-26101","post","type-post","status-publish","format-standard","has-post-thumbnail","hentry","category-fp-promocao-a-saude-mental","category-noticias","tag-news","tag-saude-mental"],"_links":{"self":[{"href":"https:\/\/tanisesabino.com.br\/vereadora\/wp-json\/wp\/v2\/posts\/26101","targetHints":{"allow":["GET"]}}],"collection":[{"href":"https:\/\/tanisesabino.com.br\/vereadora\/wp-json\/wp\/v2\/posts"}],"about":[{"href":"https:\/\/tanisesabino.com.br\/vereadora\/wp-json\/wp\/v2\/types\/post"}],"author":[{"embeddable":true,"href":"https:\/\/tanisesabino.com.br\/vereadora\/wp-json\/wp\/v2\/users\/4"}],"replies":[{"embeddable":true,"href":"https:\/\/tanisesabino.com.br\/vereadora\/wp-json\/wp\/v2\/comments?post=26101"}],"version-history":[{"count":3,"href":"https:\/\/tanisesabino.com.br\/vereadora\/wp-json\/wp\/v2\/posts\/26101\/revisions"}],"predecessor-version":[{"id":26117,"href":"https:\/\/tanisesabino.com.br\/vereadora\/wp-json\/wp\/v2\/posts\/26101\/revisions\/26117"}],"wp:featuredmedia":[{"embeddable":true,"href":"https:\/\/tanisesabino.com.br\/vereadora\/wp-json\/wp\/v2\/media\/26103"}],"wp:attachment":[{"href":"https:\/\/tanisesabino.com.br\/vereadora\/wp-json\/wp\/v2\/media?parent=26101"}],"wp:term":[{"taxonomy":"category","embeddable":true,"href":"https:\/\/tanisesabino.com.br\/vereadora\/wp-json\/wp\/v2\/categories?post=26101"},{"taxonomy":"post_tag","embeddable":true,"href":"https:\/\/tanisesabino.com.br\/vereadora\/wp-json\/wp\/v2\/tags?post=26101"}],"curies":[{"name":"wp","href":"https:\/\/api.w.org\/{rel}","templated":true}]}}