{"id":26177,"date":"2024-12-19T19:20:00","date_gmt":"2024-12-19T22:20:00","guid":{"rendered":"https:\/\/tanisesabino.com.br\/vereadora\/?p=26177"},"modified":"2024-12-29T19:21:14","modified_gmt":"2024-12-29T22:21:14","slug":"diplomacao-dos-eleitos-de-porto-alegre-marca-final-do-processo-eleitoral","status":"publish","type":"post","link":"https:\/\/tanisesabino.com.br\/vereadora\/diplomacao-dos-eleitos-de-porto-alegre-marca-final-do-processo-eleitoral\/","title":{"rendered":"Diploma\u00e7\u00e3o dos&nbsp;eleitos de Porto Alegre&nbsp;marca&nbsp;final do&nbsp;processo&nbsp;eleitoral"},"content":{"rendered":"\n<p class=\"s3\">Na \u00faltima quinta-feira (19),&nbsp;o Tribunal Regional Eleitoral (TRE\/RS)&nbsp;realizou a cerim\u00f4nia de diploma\u00e7\u00e3o dos candidatos eleitos nas elei\u00e7\u00f5es municipais de 2024. O evento, que ocorreu no audit\u00f3rio do Minist\u00e9rio P\u00fablico do Rio Grande do Sul, oficializou a entrega dos diplomas ao prefeito, \u00e0 vice-prefeita, aos vereadores e vereadoras eleitos. A solenidade contou com a presen\u00e7a de diversas autoridades, incluindo membros do Tribunal Regional Eleitoral do Rio Grande do Sul (TRE-RS), representantes dos tr\u00eas poderes do estado, do Minist\u00e9rio P\u00fablico, da Defensoria P\u00fablica, al\u00e9m de representantes da imprensa, de partidos pol\u00edticos e familiares dos diplomados.<\/p>\n\n\n\n<p class=\"s3\">A ju\u00edza Maria Cl\u00e1udia M\u00e9rcio Cachapuz deu as boas-vindas aos presentes, destacando o significado da diploma\u00e7\u00e3o como um reflexo da vontade popular nas escolhas pol\u00edticas da cidade.<\/p>\n\n\n\n<p class=\"s3\">Em seu pronunciamento, o presidente do TRE-RS, desembargador Voltaire de Lima Moraes, ressaltou a import\u00e2ncia da responsabilidade dos eleitos em cumprir os mandatos com dedica\u00e7\u00e3o e comprometimento. Ele tamb\u00e9m fez quest\u00e3o de destacar o bom andamento das elei\u00e7\u00f5es deste ano, que ocorreram com poucas intercorr\u00eancias e agilidade na totaliza\u00e7\u00e3o dos votos, mesmo diante de dificuldades causadas por cat\u00e1strofes clim\u00e1ticas.<\/p>\n\n\n\n<p class=\"s3\">A entrega dos diplomas seguiu com a entrega aos vereadores e vereadoras, realizada de forma alfab\u00e9tica por partido ou federa\u00e7\u00e3o. Em seguida, a ju\u00edza Maria Cl\u00e1udia entregou o diploma \u00e0 vice-prefeita eleita, Betina Worm, e o presidente do TRE-RS, desembargador Voltaire de Lima Moraes, entregou o diploma de prefeito ao reeleito Sebasti\u00e3o Melo.<\/p>\n\n\n\n<p class=\"s3\">Ap\u00f3s a diploma\u00e7\u00e3o, o prefeito Sebasti\u00e3o Melo fez um breve discurso, agradecendo a confian\u00e7a dos eleitores e refor\u00e7ando o compromisso de trabalhar incansavelmente para melhorar a cidade. Ele tamb\u00e9m enalteceu a import\u00e2ncia da cerim\u00f4nia como um marco final do processo democr\u00e1tico e a relev\u00e2ncia do trabalho do TRE-RS, destacando a isen\u00e7\u00e3o e a compet\u00eancia da Justi\u00e7a Eleitoral.&nbsp;\u201cAgrade\u00e7o ao povo de Porto Alegre pela confian\u00e7a no nosso projeto. Encerrado o processo eleitoral, seguiremos trabalhando por todos os porto-alegrenses. \u00c9 momento de uni\u00e3o, paz e respeito \u00e0s diferen\u00e7as, para seguirmos reconstruindo a nossa cidade e buscando os avan\u00e7os que a popula\u00e7\u00e3o merece de todos n\u00f3s, do Executivo e Legislativo&#8221;, afirmou o prefeito, acompanhado na cerim\u00f4nia pela primeira-dama Val\u00e9ria Leopoldino e pela fam\u00edlia.<\/p>\n\n\n\n<p class=\"s3\">Melo foi reeleito prefeito de Porto Alegre, na chapa com Betina Worm, no segundo turno das elei\u00e7\u00f5es de 2024, em 27 de outubro, com 406.467 votos.<\/p>\n\n\n\n<p class=\"s3\">A solenidade foi encerrada com a execu\u00e7\u00e3o do hino rio-grandense, e a cerim\u00f4nia foi transmitida ao vivo pelo canal do TRE-RS no YouTube.<\/p>\n\n\n\n<p class=\"s5\">&nbsp;<\/p>\n","protected":false},"excerpt":{"rendered":"<p>Na \u00faltima quinta-feira (19),&nbsp;o Tribunal Regional Eleitoral (TRE\/RS)&nbsp;realizou a cerim\u00f4nia de diploma\u00e7\u00e3o dos candidatos eleitos nas elei\u00e7\u00f5es municipais de 2024. O evento, que ocorreu no audit\u00f3rio do Minist\u00e9rio P\u00fablico do<\/p>\n","protected":false},"author":1,"featured_media":26176,"comment_status":"closed","ping_status":"open","sticky":false,"template":"","format":"standard","meta":{"footnotes":""},"categories":[1],"tags":[],"class_list":["post-26177","post","type-post","status-publish","format-standard","has-post-thumbnail","hentry","category-noticias"],"_links":{"self":[{"href":"https:\/\/tanisesabino.com.br\/vereadora\/wp-json\/wp\/v2\/posts\/26177","targetHints":{"allow":["GET"]}}],"collection":[{"href":"https:\/\/tanisesabino.com.br\/vereadora\/wp-json\/wp\/v2\/posts"}],"about":[{"href":"https:\/\/tanisesabino.com.br\/vereadora\/wp-json\/wp\/v2\/types\/post"}],"author":[{"embeddable":true,"href":"https:\/\/tanisesabino.com.br\/vereadora\/wp-json\/wp\/v2\/users\/1"}],"replies":[{"embeddable":true,"href":"https:\/\/tanisesabino.com.br\/vereadora\/wp-json\/wp\/v2\/comments?post=26177"}],"version-history":[{"count":1,"href":"https:\/\/tanisesabino.com.br\/vereadora\/wp-json\/wp\/v2\/posts\/26177\/revisions"}],"predecessor-version":[{"id":26178,"href":"https:\/\/tanisesabino.com.br\/vereadora\/wp-json\/wp\/v2\/posts\/26177\/revisions\/26178"}],"wp:featuredmedia":[{"embeddable":true,"href":"https:\/\/tanisesabino.com.br\/vereadora\/wp-json\/wp\/v2\/media\/26176"}],"wp:attachment":[{"href":"https:\/\/tanisesabino.com.br\/vereadora\/wp-json\/wp\/v2\/media?parent=26177"}],"wp:term":[{"taxonomy":"category","embeddable":true,"href":"https:\/\/tanisesabino.com.br\/vereadora\/wp-json\/wp\/v2\/categories?post=26177"},{"taxonomy":"post_tag","embeddable":true,"href":"https:\/\/tanisesabino.com.br\/vereadora\/wp-json\/wp\/v2\/tags?post=26177"}],"curies":[{"name":"wp","href":"https:\/\/api.w.org\/{rel}","templated":true}]}}