{"id":27763,"date":"2026-04-28T11:14:34","date_gmt":"2026-04-28T14:14:34","guid":{"rendered":"https:\/\/tanisesabino.com.br\/vereadora\/?p=27763"},"modified":"2026-04-28T11:14:34","modified_gmt":"2026-04-28T14:14:34","slug":"tanise-sabino-participa-da-entrega-das-salas-sensoriais-do-hospital-psiquiatrico-sao-pedro","status":"publish","type":"post","link":"https:\/\/tanisesabino.com.br\/vereadora\/tanise-sabino-participa-da-entrega-das-salas-sensoriais-do-hospital-psiquiatrico-sao-pedro\/","title":{"rendered":"Tanise Sabino participa da entrega das Salas Sensoriais do Hospital Psiqui\u00e1trico S\u00e3o Pedro"},"content":{"rendered":"<p>No in\u00edcio da tarde desta quarta-feira, 15 de abril, a Vereadora Psic\u00f3loga Tanise Sabino participou do ato de entrega das novas salas sensoriais do Hospital Psiqui\u00e1trico S\u00e3o Pedro, que marcam uma importante conquista na qualifica\u00e7\u00e3o do atendimento em sa\u00fade mental.<br \/>\nOs novos espa\u00e7os foram viabilizados por meio de uma parceria com a Pontif\u00edcia Universidade Cat\u00f3lica do Rio Grande do Sul (PUCRS) e t\u00eam como objetivo oferecer acolhimento, autorregula\u00e7\u00e3o e suporte terap\u00eautico, especialmente para crian\u00e7as e adolescentes, incluindo pessoas com transtorno do espectro autista.<br \/>\nPara Tanise Sabino, a entrega das salas sensoriais representa mais do que uma melhoria estrutural. \u201cPara quem sofre com quest\u00f5es de sa\u00fade mental, o mundo l\u00e1 fora muitas vezes \u00e9 barulhento e confuso demais. Uma sala sensorial \u00e9 um ref\u00fagio, um espa\u00e7o seguro onde \u00e9 poss\u00edvel encontrar calma e prote\u00e7\u00e3o durante uma crise\u201d, afirmou. A vereadora ainda destacou a import\u00e2ncia da uni\u00e3o entre poder p\u00fablico e academia na constru\u00e7\u00e3o de solu\u00e7\u00f5es concretas. Segundo ela, iniciativas como essa demonstram que \u00e9 poss\u00edvel ir al\u00e9m do discurso e promover mudan\u00e7as reais na vida das pessoas. \u201cQuando parcerias se transformam em servi\u00e7os, estamos garantindo dignidade e cuidado para quem mais precisa\u201d, concluiu.<br \/>\nDurante a cerim\u00f4nia, autoridades e representantes da sa\u00fade destacaram a relev\u00e2ncia da iniciativa. A diretora de gest\u00e3o dos hospitais estaduais, Let\u00edcia Ikeda, ressaltou a forte conex\u00e3o do S\u00e3o Pedro com a forma\u00e7\u00e3o de profissionais da \u00e1rea, lembrando que o hospital \u00e9 refer\u00eancia na forma\u00e7\u00e3o de recursos humanos em sa\u00fade mental. J\u00e1 a representante do Departamento de Aten\u00e7\u00e3o Prim\u00e1ria e Pol\u00edticas de Sa\u00fade, Mariana Viana da Silva, enfatizou que espa\u00e7os como as salas sensoriais qualificam o atendimento e possibilitam interven\u00e7\u00f5es mais adequadas a p\u00fablicos espec\u00edficos.<br \/>\nA pr\u00f3-reitora de Gradua\u00e7\u00e3o e Educa\u00e7\u00e3o Continuada da PUCRS, Adriana Campos, destacou o papel do hospital como campo de pr\u00e1tica essencial para estudantes, refor\u00e7ando que ambientes reais, com suas vulnerabilidades, s\u00e3o fundamentais para a forma\u00e7\u00e3o de profissionais mais preparados. Na mesma linha, o reitor da universidade, Irm\u00e3o Manuir Mendes, lembrou que a parceria entre as institui\u00e7\u00f5es, fortalecida nos \u00faltimos anos, integra teoria e pr\u00e1tica e contribui diretamente para a constru\u00e7\u00e3o de um cuidado mais humanizado.<br \/>\nA Secretaria Estadual da Sa\u00fade, Lisiane Fagundes tamb\u00e9m enfatizou o car\u00e1ter p\u00fablico e inclusivo da iniciativa, destacando que as salas estar\u00e3o dispon\u00edveis n\u00e3o apenas para pacientes internados, mas tamb\u00e9m para usu\u00e1rios de outros servi\u00e7os, como o CERTA, ampliando o acesso ao cuidado.<\/p>\n","protected":false},"excerpt":{"rendered":"<p>No in\u00edcio da tarde desta quarta-feira, 15 de abril, a Vereadora Psic\u00f3loga Tanise Sabino participou do ato de entrega das novas salas sensoriais do Hospital Psiqui\u00e1trico S\u00e3o Pedro, que marcam<\/p>\n","protected":false},"author":1,"featured_media":27764,"comment_status":"closed","ping_status":"open","sticky":false,"template":"","format":"standard","meta":{"footnotes":""},"categories":[75,1],"tags":[],"class_list":["post-27763","post","type-post","status-publish","format-standard","has-post-thumbnail","hentry","category-fp-promocao-a-saude-mental","category-noticias"],"_links":{"self":[{"href":"https:\/\/tanisesabino.com.br\/vereadora\/wp-json\/wp\/v2\/posts\/27763","targetHints":{"allow":["GET"]}}],"collection":[{"href":"https:\/\/tanisesabino.com.br\/vereadora\/wp-json\/wp\/v2\/posts"}],"about":[{"href":"https:\/\/tanisesabino.com.br\/vereadora\/wp-json\/wp\/v2\/types\/post"}],"author":[{"embeddable":true,"href":"https:\/\/tanisesabino.com.br\/vereadora\/wp-json\/wp\/v2\/users\/1"}],"replies":[{"embeddable":true,"href":"https:\/\/tanisesabino.com.br\/vereadora\/wp-json\/wp\/v2\/comments?post=27763"}],"version-history":[{"count":1,"href":"https:\/\/tanisesabino.com.br\/vereadora\/wp-json\/wp\/v2\/posts\/27763\/revisions"}],"predecessor-version":[{"id":27765,"href":"https:\/\/tanisesabino.com.br\/vereadora\/wp-json\/wp\/v2\/posts\/27763\/revisions\/27765"}],"wp:featuredmedia":[{"embeddable":true,"href":"https:\/\/tanisesabino.com.br\/vereadora\/wp-json\/wp\/v2\/media\/27764"}],"wp:attachment":[{"href":"https:\/\/tanisesabino.com.br\/vereadora\/wp-json\/wp\/v2\/media?parent=27763"}],"wp:term":[{"taxonomy":"category","embeddable":true,"href":"https:\/\/tanisesabino.com.br\/vereadora\/wp-json\/wp\/v2\/categories?post=27763"},{"taxonomy":"post_tag","embeddable":true,"href":"https:\/\/tanisesabino.com.br\/vereadora\/wp-json\/wp\/v2\/tags?post=27763"}],"curies":[{"name":"wp","href":"https:\/\/api.w.org\/{rel}","templated":true}]}}